[{"@context":"https:\/\/schema.org\/","@type":"Article","@id":"https:\/\/www.hcl.sk\/budte-krasna-aj-v-zime\/#Article","mainEntityOfPage":"https:\/\/www.hcl.sk\/budte-krasna-aj-v-zime\/","headline":"Bu\u010fte kr\u00e1sna aj v zime","name":"Bu\u010fte kr\u00e1sna aj v zime","description":"Ke\u010f prich\u00e1dza zima, ve\u013emi \u010dasto d\u00e1va zabra\u0165 n\u00e1\u0161mu telu, ale aj na\u0161ej poko\u017eke. Nielen, \u017ee sme \u010dasto v depresii z toho, \u017ee s\u00fa noci dlh\u0161ie ako dni a \u017ee jednoducho n\u00e1\u0161 organizmus e\u0161te st\u00e1le mysl\u00ed na teplo leta, ktor\u00e9 odi\u0161lo. Pr\u00e1ve preto b\u00fdva ve\u013emi \u0165a\u017ek\u00e9 da\u0165 v\u00e1\u0161mu telu to, \u010do naozaj potrebuje. Je \u0165a\u017ek\u00e9 dosta\u0165&hellip; <p class=\"more-link-p\"><a class=\"more-link\" href=\"https:\/\/www.hcl.sk\/budte-krasna-aj-v-zime\/\">Continue reading <span class=\"meta-nav\">&rarr;<\/span><\/a><\/p>","datePublished":"2017-09-16","dateModified":"2023-04-25","author":{"@type":"Person","@id":"https:\/\/www.hcl.sk\/author\/#Person","name":"","url":"https:\/\/www.hcl.sk\/author\/","identifier":1,"image":{"@type":"ImageObject","@id":"https:\/\/secure.gravatar.com\/avatar\/44215cbfc388d6c267f7eccf0a5fae95a459f733d44435ee1a21bfc9d2aea339?s=96&d=mm&r=g","url":"https:\/\/secure.gravatar.com\/avatar\/44215cbfc388d6c267f7eccf0a5fae95a459f733d44435ee1a21bfc9d2aea339?s=96&d=mm&r=g","height":96,"width":96}},"publisher":{"@type":"Organization","name":"hcl.sk","logo":{"@type":"ImageObject","@id":"\/logo.png","url":"\/logo.png","width":600,"height":60}},"image":{"@type":"ImageObject","@id":"https:\/\/www.hcl.sk\/wp-content\/uploads\/img_a283223_w2030_t1510859324.jpg","url":"https:\/\/www.hcl.sk\/wp-content\/uploads\/img_a283223_w2030_t1510859324.jpg","height":0,"width":0},"url":"https:\/\/www.hcl.sk\/budte-krasna-aj-v-zime\/","about":["Kr\u00e1sa"],"wordCount":423,"articleBody":"Ke\u010f prich\u00e1dza zima, ve\u013emi \u010dasto d\u00e1va zabra\u0165 n\u00e1\u0161mu telu, ale aj na\u0161ej poko\u017eke. Nielen, \u017ee sme \u010dasto v depresii z toho, \u017ee s\u00fa noci dlh\u0161ie ako dni a \u017ee jednoducho n\u00e1\u0161 organizmus e\u0161te st\u00e1le mysl\u00ed na teplo leta, ktor\u00e9 odi\u0161lo. Pr\u00e1ve preto b\u00fdva ve\u013emi \u0165a\u017ek\u00e9 da\u0165 v\u00e1\u0161mu telu to, \u010do naozaj potrebuje. Je \u0165a\u017ek\u00e9 dosta\u0165 sa zo v\u0161etk\u00e9ho, \u010do v\u00e1s v tejto dobe za\u0165a\u017euje. Pr\u00e1ve preto, \u017ee je oslaben\u00e9 a potrebuje v\u0161etku va\u0161u l\u00e1sku a starostlivos\u0165 je naozaj d\u00f4le\u017eit\u00e9, aby ste mu ju dali hlavne teraz, ke\u010f to potrebuje, no nemysl\u00edte?\u00a01. Vy\u017eivujteTo je odpove\u010f \u00faplne na v\u0161etko, m\u00f4\u017eete n\u00e1m veri\u0165. V prvom rade je v\u0161ak na\u010dase zmeni\u0165 denn\u00fd kr\u00e9m. Po\u010das leta va\u0161a ple\u0165 potrebuje nie\u010do \u00faplne in\u00e9 ako v zime. No je d\u00f4le\u017eit\u00e9, aby ste svojej pleti dali dostatok toho, \u010do jej po\u010das d\u0148a ch\u00fdba, preto\u017ee mrazy na\u0161ej tv\u00e1ri v\u00f4bec neprospievaj\u00fa. Ur\u010dite pou\u017e\u00edvajte aj kvalitn\u00fd vy\u017eivuj\u00faci no\u010dn\u00fd kr\u00e9m, ktor\u00fd v\u00e1m dod\u00e1 v\u0161etko potrebn\u00e9 pre kr\u00e1snu ple\u0165. A pozor na denn\u00e9 kr\u00e9my, ktor\u00e9 obsahuj\u00fa vodu, to sa v zime naozaj neoplat\u00ed. A ke\u010f sme u\u017e pri kr\u00e9moch, vedeli ste, \u017ee aj v zime by ste mali pou\u017e\u00edva\u0165 kr\u00e9my s UV faktorom? Hlavne vtedy, ke\u010f sa slne\u010dn\u00e9 l\u00fa\u010de odr\u00e1\u017eaj\u00fa od snehu.\u00a02. Bez balzamu ani na krokVa\u0161e pery s\u00fa osobitnou kateg\u00f3riou a ur\u010dite v\u00e1m nemus\u00edme pripom\u00edna\u0165, ak\u00e9 nepr\u00edjemn\u00e9 na poh\u013ead aj na pocit s\u00fa va\u0161e pery, ke\u010f s\u00fa popraskan\u00e9 a vysu\u0161en\u00e9. Nezab\u00fadajte na to, \u017ee aj ony si zasl\u00fa\u017eia poriadnu starostlivos\u0165, tak\u017ee ich balzamujte aj nieko\u013eko r\u00e1z za de\u0148. \u010ealej m\u00f4\u017eete pou\u017e\u00edva\u0165 aj p\u00edling na pery, ke\u010f sa chcete zbavi\u0165 prebyto\u010dnej ko\u017ee, ale nem\u00e1te v \u00famysle ju trha\u0165.\u00a03. Myslite aj na va\u0161e rukyRukavice s\u00fa v mrazoch samozrejmos\u0165ou, no ve\u013ea r\u00e1z to skuto\u010dne nesta\u010d\u00ed. Pr\u00e1ve preto pou\u017e\u00edvajte kr\u00e9my, taktie\u017e aj nieko\u013eko r\u00e1z za de\u0148. Uvid\u00edte, \u017ee aj vy sa budete c\u00edti\u0165 pr\u00edjemnej\u0161ie, ke\u010f bud\u00fa va\u0161e ruky jemn\u00e9 a hebk\u00e9 a nie popraskan\u00e9 a such\u00e9. To ist\u00e9 plat\u00ed aj pri va\u0161ich noh\u00e1ch.                                                                                                                                                                                                                                                                                                                                                                                        4.2\/5 - (11 votes)        "},{"@context":"https:\/\/schema.org\/","@type":"BreadcrumbList","itemListElement":[{"@type":"ListItem","position":1,"name":"Bu\u010fte kr\u00e1sna aj v zime","item":"https:\/\/www.hcl.sk\/budte-krasna-aj-v-zime\/#breadcrumbitem"}]}]